{"id":16471,"date":"2023-08-14T20:58:44","date_gmt":"2023-08-14T18:58:44","guid":{"rendered":"https:\/\/www.marjanka.at\/aktuality-sk\/v-zari-startuje-nase-13-sezona-copy\/"},"modified":"2023-10-31T19:18:15","modified_gmt":"2023-10-31T18:18:15","slug":"marjanka-ve-fraters","status":"publish","type":"post","link":"https:\/\/www.marjanka.at\/sk\/aktuality-sk\/marjanka-ve-fraters\/","title":{"rendered":"Marj\u00e1nka ve Fraters"},"content":{"rendered":"<p>Cesty osudu s\u00fa niekedy neo\u010dak\u00e1van\u00e9! Napr\u00edklad \u2013 nest\u00e1va sa \u010dasto, aby sme boli pozvan\u00ed na tak prest\u00ed\u017ene podujatie, ktor\u00e9 m\u00e1 nielen dlhoro\u010dn\u00fa trad\u00edciu, ale nav\u0161t\u00edvilo ho mno\u017estvo v\u00fdznamn\u00fdch osobnost\u00ed (z \u010cechov to boli V\u00e1clav Havel, Olbram Zoubek, Karel Schwarzenberg a \u010fal\u0161\u00ed). Nu\u017e, stalo sa a 12. augusta sa Marj\u00e1nka na pozvanie spolku <a href=\"http:\/\/www.kulturbruecke.com\"><strong>Kulturbr\u00fccke Fratres<\/strong><\/a> ocitla na tematickom kult\u00farnom podujat\u00ed s n\u00e1zvom <strong>\u201e<a href=\"https:\/\/www.noen.at\/waidhofen\/ueber-die-mode-franz-adlmueller-stand-in-der-kulturbruecke-fratres-im-mittelpunkt-381096990\">Mode \u2013 Sch\u00f6nheit \u2013 Kontroverse<\/a>\u201c<\/strong> v dolnorak\u00faskom meste\u010dku Fratres, v tesnej bl\u00edzkosti malebn\u00fdch Slavon\u00edc na \u010deskej strane hranice.<\/p>\n<p>Kult\u00farne popoludnie sa u\u017e tradi\u010dne konalo v kr\u00e1snom prostred\u00ed farmy gr\u00f3fa Petra Coretha. Program otvorila kur\u00e1torka tohto tematick\u00e9ho podujatia Jana Zoglauerov\u00e1-Vin\u0161ov\u00e1, ktor\u00e1 v \u010de\u0161tine a nem\u010dine priv\u00edtala \u00fa\u010dastn\u00edkov zo \u0161tyroch kraj\u00edn, z ktor\u00fdch poch\u00e1dzali \u00fa\u010dinkuj\u00faci aj hostia, ktor\u00ed pri\u0161li na statok \u2013 Rak\u00faska, \u010ceskej republiky, Slovenska a Nemecka. Cel\u00fdm popoludn\u00edm sa vinuli t\u00e9my ako v\u00fdznam m\u00f3dy a kost\u00fdmu a ich \u00faloha v r\u00f4znych historick\u00fdch a spolo\u010densk\u00fdch podmienkach a politick\u00fdch re\u017eimoch. V\u0161etko sa odohr\u00e1valo na pozad\u00ed obrovskej stodoly vyzdobenej nielen najr\u00f4znej\u0161\u00edmi r\u00f3bami, k\u00faskami z prehliadkov\u00fdch m\u00f3l a kost\u00fdmami nesmiernej historickej hodnoty, ale aj africk\u00fdmi maskami a sochami poch\u00e1dzaj\u00facimi z m\u00fazea Humanum Petra Coretha.<\/p>\n<p style=\"text-align: center;\"><iframe loading=\"lazy\" title=\"YouTube video player\" src=\"https:\/\/www.youtube.com\/embed\/gEd_TRSt9oA?si=C3yWjcS762rXJBEr\" width=\"360\" height=\"240\" frameborder=\"0\" allowfullscreen=\"allowfullscreen\"><\/iframe><\/p>\n<p>&nbsp;<\/p>\n<p>Marj\u00e1nka dostala mo\u017enos\u0165 ukon\u010di\u0165 cel\u00e9 kult\u00farne popoludnie. Na l\u00fake pred m\u00fazeom sme si zatancovali a zaspievali za sprievodu na\u0161ej cimbalovej muziky. Zatancovali sme si aj s div\u00e1kmi, ktor\u00ed n\u00e1s odmenili nad\u0161en\u00fdm potleskom. T\u00e9mu vyu\u017eitia kroja v s\u00fa\u010dasnosti uzavrela Marj\u00e1nka svoj\u00edm vyst\u00fapen\u00edm v krojoch v na\u0161ich n\u00e1rodn\u00fdch farb\u00e1ch. Vo vo\u013enom \u010dase bolo dos\u0165 \u010dasu na spozn\u00e1vanie pr\u00edrodn\u00fdch a historick\u00fdch kr\u00e1s Slavonice a jej okolia.<\/p>\n<p><strong>Obrovsk\u00e1 v\u010faka Kulturbr\u00fccke Fratres za pozvanie na toto v\u00fdnimo\u010dn\u00e9 podujatie!<\/strong><\/p>\n<p>&nbsp;<\/p>\n<p><em>P.S.: Udalos\u0165 dokumentovala <a href=\"https:\/\/volksgruppen.orf.at\">men\u0161inov\u00e1 redakcia ORF<\/a>. Report\u00e1\u017e bude odvysielan\u00e1 10. septembra 2023 o 9:00 hod. v programe WIR na ORFIII.<\/em><\/p>\n<p><img loading=\"lazy\" decoding=\"async\" class=\"size-full wp-image-16459\" src=\"https:\/\/www.marjanka.at\/media\/fratres-019-fraa9938.jpg\" alt=\"\" width=\"2400\" height=\"1600\" srcset=\"https:\/\/www.marjanka.at\/media\/fratres-019-fraa9938.jpg 2400w, https:\/\/www.marjanka.at\/media\/fratres-019-fraa9938-1200x800.jpg 1200w, https:\/\/www.marjanka.at\/media\/fratres-019-fraa9938-768x512.jpg 768w, https:\/\/www.marjanka.at\/media\/fratres-019-fraa9938-1536x1024.jpg 1536w, https:\/\/www.marjanka.at\/media\/fratres-019-fraa9938-2048x1365.jpg 2048w\" sizes=\"auto, (max-width: 2400px) 100vw, 2400px\" \/> Sk\u00fa\u0161ka pred vyst\u00fapen\u00edm \u00a9 Hannes Reisinger<\/p>\n<p><img loading=\"lazy\" decoding=\"async\" class=\"alignnone size-full wp-image-16455\" src=\"https:\/\/www.marjanka.at\/media\/fratres-098-fraa0067.jpg\" alt=\"\" width=\"2400\" height=\"1600\" srcset=\"https:\/\/www.marjanka.at\/media\/fratres-098-fraa0067.jpg 2400w, https:\/\/www.marjanka.at\/media\/fratres-098-fraa0067-1200x800.jpg 1200w, https:\/\/www.marjanka.at\/media\/fratres-098-fraa0067-768x512.jpg 768w, https:\/\/www.marjanka.at\/media\/fratres-098-fraa0067-1536x1024.jpg 1536w, https:\/\/www.marjanka.at\/media\/fratres-098-fraa0067-2048x1365.jpg 2048w\" sizes=\"auto, (max-width: 2400px) 100vw, 2400px\" \/>Pleten\u00fd \u00a9 Hannes Reisinger<\/p>\n<p><img loading=\"lazy\" decoding=\"async\" class=\"size-full wp-image-16452\" src=\"https:\/\/www.marjanka.at\/media\/fratres-102-dscf9464.jpg\" alt=\"\" width=\"2133\" height=\"1600\" srcset=\"https:\/\/www.marjanka.at\/media\/fratres-102-dscf9464.jpg 2133w, https:\/\/www.marjanka.at\/media\/fratres-102-dscf9464-1200x900.jpg 1200w, https:\/\/www.marjanka.at\/media\/fratres-102-dscf9464-768x576.jpg 768w, https:\/\/www.marjanka.at\/media\/fratres-102-dscf9464-1536x1152.jpg 1536w, https:\/\/www.marjanka.at\/media\/fratres-102-dscf9464-2048x1536.jpg 2048w, https:\/\/www.marjanka.at\/media\/fratres-102-dscf9464-840x630.jpg 840w\" sizes=\"auto, (max-width: 2133px) 100vw, 2133px\" \/> Spolo\u010dn\u00e1 fotografia \u00fa\u010dastn\u00edkov \u00a9 Hannes Reisinger<\/p>\n","protected":false},"excerpt":{"rendered":"<p>Cesty osudu s\u00fa niekedy neo\u010dak\u00e1van\u00e9! Napr\u00edklad \u2013 nest\u00e1va sa \u010dasto, aby sme boli pozvan\u00ed na tak prest\u00ed\u017ene podujatie, ktor\u00e9 m\u00e1 nielen dlhoro\u010dn\u00fa trad\u00edciu, ale nav\u0161t\u00edvilo ho mno\u017estvo v\u00fdznamn\u00fdch osobnost\u00ed (z \u010cechov to boli V\u00e1clav Havel, Olbram Zoubek, Karel Schwarzenberg a \u010fal\u0161\u00ed). Nu\u017e, stalo sa a 12. augusta sa Marj\u00e1nka na pozvanie spolku Kulturbr\u00fccke Fratres ocitla [&hellip;]<\/p>\n","protected":false},"author":7,"featured_media":0,"comment_status":"closed","ping_status":"closed","sticky":false,"template":"","format":"standard","meta":{"_acf_changed":false,"footnotes":""},"categories":[4],"class_list":["post-16471","post","type-post","status-publish","format-standard","hentry","category-aktuality-sk"],"acf":[],"_links":{"self":[{"href":"https:\/\/www.marjanka.at\/sk\/wp-json\/wp\/v2\/posts\/16471","targetHints":{"allow":["GET"]}}],"collection":[{"href":"https:\/\/www.marjanka.at\/sk\/wp-json\/wp\/v2\/posts"}],"about":[{"href":"https:\/\/www.marjanka.at\/sk\/wp-json\/wp\/v2\/types\/post"}],"author":[{"embeddable":true,"href":"https:\/\/www.marjanka.at\/sk\/wp-json\/wp\/v2\/users\/7"}],"replies":[{"embeddable":true,"href":"https:\/\/www.marjanka.at\/sk\/wp-json\/wp\/v2\/comments?post=16471"}],"version-history":[{"count":8,"href":"https:\/\/www.marjanka.at\/sk\/wp-json\/wp\/v2\/posts\/16471\/revisions"}],"predecessor-version":[{"id":16599,"href":"https:\/\/www.marjanka.at\/sk\/wp-json\/wp\/v2\/posts\/16471\/revisions\/16599"}],"wp:attachment":[{"href":"https:\/\/www.marjanka.at\/sk\/wp-json\/wp\/v2\/media?parent=16471"}],"wp:term":[{"taxonomy":"category","embeddable":true,"href":"https:\/\/www.marjanka.at\/sk\/wp-json\/wp\/v2\/categories?post=16471"}],"curies":[{"name":"wp","href":"https:\/\/api.w.org\/{rel}","templated":true}]}}