{"id":13120,"date":"2022-11-16T12:33:29","date_gmt":"2022-11-16T11:33:29","guid":{"rendered":"https:\/\/www.marjanka.at\/?p=13120"},"modified":"2023-01-15T15:14:55","modified_gmt":"2023-01-15T14:14:55","slug":"hauptversammlung","status":"publish","type":"post","link":"https:\/\/www.marjanka.at\/cs\/aktuality-cs\/hauptversammlung\/","title":{"rendered":"M\u00e1me za sebou gener\u00e1ln\u00ed shrom\u00e1\u017ed\u011bn\u00ed"},"content":{"rendered":"<p><strong>Po v\u00edce ne\u017e roce se \u010dlenov\u00e9 spolku se\u0161li v prostor\u00e1ch farn\u00edho s\u00e1lu na Kreuzherrengasse ke 3. gener\u00e1ln\u00edmu shrom\u00e1\u017ed\u011bn\u00ed (valn\u00e9 hromad\u011b). P\u0159ipravena byla prezentace s informacemi o \u010dinnosti spolku za uplynul\u00e9 obdob\u00ed, pl\u00e1n na dal\u0161\u00ed obdob\u00ed i prostor pro diskuzi a podn\u011bty \u0159\u00e1dn\u00fdch \u010dlen\u016f spolku.<\/strong><\/p>\n<p>Na \u00favod v\u0161echny p\u0159\u00edtomn\u00e9 p\u0159iv\u00edtala p\u0159edsedkyn\u011b spolku Martina Canova, kter\u00e1 zhodnotila \u010dinnost spolku v roce 2021. Ve sv\u00e9m proslovu mimo jin\u00e9 zd\u016fraznila, co je t\u0159eba zajistit, aby byl spolek funk\u010dn\u00ed a \u017eivotaschopn\u00fd. Pod\u011bkovala tak\u00e9 v\u0161em, kte\u0159\u00ed se aktivn\u011b zapojuj\u00ed a pom\u00e1haj\u00ed s organizac\u00ed.<\/p>\n<p>N\u00e1sledovala zpr\u00e1va pokladn\u00edka o hospoda\u0159en\u00ed spolku za uplynul\u00fd kalend\u00e1\u0159n\u00ed rok a p\u0159ehled finan\u010dn\u00edch dotac\u00ed (Karla Zemanov\u00e1), zpr\u00e1va kontroln\u00ed komise o hospoda\u0159en\u00ed spolku (Harald Buschbacher a Michael Canov), zpr\u00e1va o pln\u011bn\u00ed c\u00edl\u016f na leto\u0161n\u00ed rok a pl\u00e1n na rok 2023 (Jana \u0160imkov\u00e1) a pln\u011bn\u00ed rozpo\u010dtu na rok 2022 (Michael Canov).<\/p>\n<p>Jedn\u00edm z d\u016fle\u017eit\u00fdch bod\u016f programu bylo schv\u00e1len\u00ed nov\u00fdch \u010dlen\u016f, kte\u0159\u00ed podali \u017e\u00e1dost o vstup do spolku. V\u0161ichni byli jednohlasn\u011b p\u0159ijati. Jmenovit\u011b to jsou: Renata Daryabegi, Mari\u00e1n Jusko, Nat\u00e1lia Kole\u010dkov\u00e1, Miriama Masarovi\u010dov\u00e1, Lenka Meisl, Libor Meisl, Lucia Nemtudov\u00e1, Pavla Ra\u0161nerov\u00e1, Zuzana Suly, Jana Zales\u0148\u00e1kov\u00e1, Martin Zeman a V\u00edt Zeman.<\/p>\n<p>Pot\u00e9 byla v\u0161em p\u0159\u00edtomn\u00fdm \u010dlen\u016fm p\u0159edstavena nov\u00e1 kandid\u00e1tka na funkci ve v\u00fdkonn\u00e9m v\u00fdboru. Ivana Petru\u017eelov\u00e1, kter\u00e1 funkci z\u00e1stupce zapisovatele zast\u00e1vala od 30. ledna 2020, podala v\u00fdboru z d\u016fvodu odst\u011bhov\u00e1n\u00ed se z Rakouska \u017e\u00e1dost o p\u0159ed\u010dasn\u00e9m ukon\u010den\u00ed jej\u00edho funk\u010dn\u00edho obdob\u00ed a uvoln\u011bn\u00ed z funkce, \u010demu\u017e v\u00fdbor vyhov\u011bl. Jako nov\u00e9ho kandid\u00e1ta navrhl v\u00fdkonn\u00fd v\u00fdbor \u0159\u00e1dnou \u010dlenku spolku Helenu Kram\u00e1\u0159ovou. K jej\u00edmu zvolen\u00ed nebylo \u017e\u00e1dn\u00fdch n\u00e1mitek a spolek jednomysln\u011b odhlasoval jej\u00ed zvolen\u00ed.<\/p>\n<p>Cel\u00e1 sch\u016fze se nesla v pospolit\u00e9m duchu a p\u0159\u00e1telsk\u00e9 atmosf\u00e9\u0159e. Z\u00fa\u010dastnilo se j\u00ed 24 osob (\u010dlensk\u00e1 z\u00e1kladna \u010d\u00edt\u00e1 k dne\u0161n\u00edmu dni celkem 39 \u0159\u00e1dn\u00fdch \u010dlen\u016f). Na z\u00e1v\u011br se u poho\u0161t\u011bn\u00ed \u017eiv\u011b diskutovalo na r\u016fzn\u00e1 t\u00e9mata.<\/p>\n<h4 dir=\"auto\">Mal\u00e9 ohl\u00e9dnut\u00ed za aktivitami spolku v letech 2021 a 2022.<\/h4>\n<p style=\"text-align: center;\"><iframe loading=\"lazy\" title=\"YouTube video player\" src=\"https:\/\/www.youtube.com\/embed\/OPWGKrj3kGQ\" width=\"360\" height=\"240\" frameborder=\"0\" allowfullscreen=\"allowfullscreen\"><span data-mce-type=\"bookmark\" style=\"display: inline-block; width: 0px; overflow: hidden; line-height: 0;\" class=\"mce_SELRES_start\">\ufeff<\/span><span data-mce-type=\"bookmark\" style=\"display: inline-block; width: 0px; overflow: hidden; line-height: 0;\" class=\"mce_SELRES_start\">\ufeff<\/span><span data-mce-type=\"bookmark\" style=\"display: inline-block; width: 0px; overflow: hidden; line-height: 0;\" class=\"mce_SELRES_start\">\ufeff<\/span><span data-mce-type=\"bookmark\" style=\"display: inline-block; width: 0px; overflow: hidden; line-height: 0;\" class=\"mce_SELRES_start\">\ufeff<\/span><\/iframe><\/p>\n","protected":false},"excerpt":{"rendered":"<p>Po v\u00edce ne\u017e roce se \u010dlenov\u00e9 spolku se\u0161li v prostor\u00e1ch farn\u00edho s\u00e1lu na Kreuzherrengasse ke 3. gener\u00e1ln\u00edmu shrom\u00e1\u017ed\u011bn\u00ed (valn\u00e9 hromad\u011b). P\u0159ipravena byla prezentace s informacemi o \u010dinnosti spolku za uplynul\u00e9 obdob\u00ed, pl\u00e1n na dal\u0161\u00ed obdob\u00ed i prostor pro diskuzi a podn\u011bty \u0159\u00e1dn\u00fdch \u010dlen\u016f spolku. Na \u00favod v\u0161echny p\u0159\u00edtomn\u00e9 p\u0159iv\u00edtala p\u0159edsedkyn\u011b spolku Martina Canova, kter\u00e1 zhodnotila [&hellip;]<\/p>\n","protected":false},"author":3,"featured_media":0,"comment_status":"closed","ping_status":"closed","sticky":false,"template":"","format":"standard","meta":{"_acf_changed":false,"footnotes":""},"categories":[5],"class_list":["post-13120","post","type-post","status-publish","format-standard","hentry","category-aktuality-cs"],"acf":[],"_links":{"self":[{"href":"https:\/\/www.marjanka.at\/cs\/wp-json\/wp\/v2\/posts\/13120","targetHints":{"allow":["GET"]}}],"collection":[{"href":"https:\/\/www.marjanka.at\/cs\/wp-json\/wp\/v2\/posts"}],"about":[{"href":"https:\/\/www.marjanka.at\/cs\/wp-json\/wp\/v2\/types\/post"}],"author":[{"embeddable":true,"href":"https:\/\/www.marjanka.at\/cs\/wp-json\/wp\/v2\/users\/3"}],"replies":[{"embeddable":true,"href":"https:\/\/www.marjanka.at\/cs\/wp-json\/wp\/v2\/comments?post=13120"}],"version-history":[{"count":4,"href":"https:\/\/www.marjanka.at\/cs\/wp-json\/wp\/v2\/posts\/13120\/revisions"}],"predecessor-version":[{"id":14203,"href":"https:\/\/www.marjanka.at\/cs\/wp-json\/wp\/v2\/posts\/13120\/revisions\/14203"}],"wp:attachment":[{"href":"https:\/\/www.marjanka.at\/cs\/wp-json\/wp\/v2\/media?parent=13120"}],"wp:term":[{"taxonomy":"category","embeddable":true,"href":"https:\/\/www.marjanka.at\/cs\/wp-json\/wp\/v2\/categories?post=13120"}],"curies":[{"name":"wp","href":"https:\/\/api.w.org\/{rel}","templated":true}]}}